{"id":589,"date":"2022-09-02T00:58:45","date_gmt":"2022-09-01T22:58:45","guid":{"rendered":"https:\/\/www.blog.oliverdiener.de\/?p=589"},"modified":"2022-09-02T00:58:46","modified_gmt":"2022-09-01T22:58:46","slug":"mit-dir-festival-2022","status":"publish","type":"post","link":"https:\/\/www.blog.oliverdiener.de\/index.php\/2022\/09\/02\/mit-dir-festival-2022\/","title":{"rendered":"MIT DIR Festival 2022"},"content":{"rendered":"\n<p>Dieses Jahr ging es nach Corona-Pause zum MIT DIR Festival in Friedland.  Es waren 3 lustige Tage. Wir hatten viel Spa\u00df und das Festival war super. Die Organisatoren haben sich sehr viel M\u00fche bei der Gestaltung des Gel\u00e4ndes gegeben und die Musik inkl. Soundqualtit\u00e4t war ebenfalls top.<br>Das Wetter hat gut mitgespielt, bis auf einen Vormittag an dem es mal geregnet hat. Das war aber gar nicht schlimm, da man auch im Regen auf dem Campingplatz eine gute Zeit haben kann.<br>Wir werden bestimmt n\u00e4chstes Jahr wieder hinfahren.<br>Es folgt ein kleines Video mit Aufnahmen und Fotos:<\/p>\n\n\n\n<p><\/p>\n\n\n\n<figure class=\"wp-block-embed is-type-video is-provider-youtube wp-block-embed-youtube wp-embed-aspect-16-9 wp-has-aspect-ratio\"><div class=\"wp-block-embed__wrapper\">\n<span class=\"embed-youtube\" style=\"text-align:center; display: block;\"><iframe loading=\"lazy\" class=\"youtube-player\" width=\"525\" height=\"296\" src=\"https:\/\/www.youtube.com\/embed\/Qhvu9TqPApo?version=3&#038;rel=1&#038;showsearch=0&#038;showinfo=1&#038;iv_load_policy=1&#038;fs=1&#038;hl=de-DE&#038;autohide=2&#038;wmode=transparent\" allowfullscreen=\"true\" style=\"border:0;\" sandbox=\"allow-scripts allow-same-origin allow-popups allow-presentation allow-popups-to-escape-sandbox\"><\/iframe><\/span>\n<\/div><\/figure>\n","protected":false},"excerpt":{"rendered":"<p>Dieses Jahr ging es nach Corona-Pause zum MIT DIR Festival in Friedland. Es waren 3 lustige Tage. Wir hatten viel Spa\u00df und das Festival war super. Die Organisatoren haben sich sehr viel M\u00fche bei der Gestaltung des Gel\u00e4ndes gegeben und die Musik inkl. Soundqualtit\u00e4t war ebenfalls top.Das Wetter hat gut mitgespielt, bis auf einen Vormittag &hellip; <\/p>\n<p class=\"link-more\"><a href=\"https:\/\/www.blog.oliverdiener.de\/index.php\/2022\/09\/02\/mit-dir-festival-2022\/\" class=\"more-link\"><span class=\"screen-reader-text\">\u201eMIT DIR Festival 2022\u201c <\/span>weiterlesen<\/a><\/p>\n","protected":false},"author":1,"featured_media":0,"comment_status":"open","ping_status":"open","sticky":false,"template":"","format":"standard","meta":{"jetpack_post_was_ever_published":false,"_jetpack_newsletter_access":"","_jetpack_dont_email_post_to_subs":false,"_jetpack_newsletter_tier_id":0,"_jetpack_memberships_contains_paywalled_content":false,"_jetpack_memberships_contains_paid_content":false,"footnotes":"","jetpack_publicize_message":"","jetpack_publicize_feature_enabled":true,"jetpack_social_post_already_shared":true,"jetpack_social_options":{"image_generator_settings":{"template":"highway","default_image_id":0,"font":"","enabled":false},"version":2}},"categories":[232],"tags":[126,176,235,234,233,154,40,37,147],"class_list":["post-589","post","type-post","status-publish","format-standard","hentry","category-konzerte-festivals","tag-bier","tag-festival","tag-freieheit","tag-konzert","tag-musik","tag-see","tag-sommer","tag-sonne","tag-techno"],"jetpack_publicize_connections":[],"jetpack_featured_media_url":"","jetpack_sharing_enabled":true,"jetpack_shortlink":"https:\/\/wp.me\/p8OKft-9v","_links":{"self":[{"href":"https:\/\/www.blog.oliverdiener.de\/index.php\/wp-json\/wp\/v2\/posts\/589","targetHints":{"allow":["GET"]}}],"collection":[{"href":"https:\/\/www.blog.oliverdiener.de\/index.php\/wp-json\/wp\/v2\/posts"}],"about":[{"href":"https:\/\/www.blog.oliverdiener.de\/index.php\/wp-json\/wp\/v2\/types\/post"}],"author":[{"embeddable":true,"href":"https:\/\/www.blog.oliverdiener.de\/index.php\/wp-json\/wp\/v2\/users\/1"}],"replies":[{"embeddable":true,"href":"https:\/\/www.blog.oliverdiener.de\/index.php\/wp-json\/wp\/v2\/comments?post=589"}],"version-history":[{"count":1,"href":"https:\/\/www.blog.oliverdiener.de\/index.php\/wp-json\/wp\/v2\/posts\/589\/revisions"}],"predecessor-version":[{"id":590,"href":"https:\/\/www.blog.oliverdiener.de\/index.php\/wp-json\/wp\/v2\/posts\/589\/revisions\/590"}],"wp:attachment":[{"href":"https:\/\/www.blog.oliverdiener.de\/index.php\/wp-json\/wp\/v2\/media?parent=589"}],"wp:term":[{"taxonomy":"category","embeddable":true,"href":"https:\/\/www.blog.oliverdiener.de\/index.php\/wp-json\/wp\/v2\/categories?post=589"},{"taxonomy":"post_tag","embeddable":true,"href":"https:\/\/www.blog.oliverdiener.de\/index.php\/wp-json\/wp\/v2\/tags?post=589"}],"curies":[{"name":"wp","href":"https:\/\/api.w.org\/{rel}","templated":true}]}}